{"id":225,"date":"2025-04-15T20:20:13","date_gmt":"2025-04-15T20:20:13","guid":{"rendered":"https:\/\/triathlon-werdau.de\/?p=225"},"modified":"2025-04-15T20:24:20","modified_gmt":"2025-04-15T20:24:20","slug":"46-werdauer-waldlauf","status":"publish","type":"post","link":"https:\/\/triathlon-werdau.de\/?p=225","title":{"rendered":"46. Werdauer Waldlauf"},"content":{"rendered":"\n<p>Am vergangenen Sonntag sorgte der 46. Werdauer Waldlauf f\u00fcr rege Teilnahme.<br>Unsere Triathleten beteiligten sich rege und sorgten f\u00fcr gute Platzierungen in den unterschiedlichsten Kategorien.<br>Bei den 7,5 Kilometern erlief sich Katja Beninca mit einer Zeit von 47:22 h Platz 3 in der AK W50, sowie Antje Schuster mit Platz 4 AK W50 in einer Zeit von 47:55 h.<br>Frank Schuster erlief Platz 4 AK M60 mit 57:34 h.<br><br>Beim 12 Kilometerlauf gelang Steffen Lenk die Drittplatzierung AK50 mit einer Zeit von 59:27 h.<br><br>Die Halbmarathonl\u00e4ufer Dirk Bachmann und Marleen Enke erliefen sich in der Teamwertung Platz 3.<br>Dirk platzierte sich au\u00dferdem in seiner AK M45 auf Platz 6. Marleen erhielt Platz 2 der AK W40.<br><br>Wie jedes Jahr erfreute sich die Veranstaltung grosser Beliebtheit. Das Wetter sorgte f\u00fcr gute Laune bei allen L\u00e4ufern.<br>Wir sind n\u00e4chstes Jahr wieder am Start.<\/p>\n\n\n\n<p><\/p>\n\n\n\n<figure class=\"wp-block-image size-large\"><img decoding=\"async\" loading=\"lazy\" width=\"1024\" height=\"768\" src=\"https:\/\/triathlon-werdau.de\/wp-content\/uploads\/2025\/04\/image-1024x768.jpg\" alt=\"\" class=\"wp-image-226\" srcset=\"https:\/\/triathlon-werdau.de\/wp-content\/uploads\/2025\/04\/image-1024x768.jpg 1024w, https:\/\/triathlon-werdau.de\/wp-content\/uploads\/2025\/04\/image-300x225.jpg 300w, https:\/\/triathlon-werdau.de\/wp-content\/uploads\/2025\/04\/image-768x576.jpg 768w, https:\/\/triathlon-werdau.de\/wp-content\/uploads\/2025\/04\/image-1536x1152.jpg 1536w, https:\/\/triathlon-werdau.de\/wp-content\/uploads\/2025\/04\/image.jpg 2048w\" sizes=\"(max-width: 1024px) 100vw, 1024px\" \/><\/figure>\n","protected":false},"excerpt":{"rendered":"<p>Am vergangenen Sonntag sorgte der 46. Werdauer Waldlauf f\u00fcr rege Teilnahme.Unsere Triathleten beteiligten sich rege und sorgten f\u00fcr gute Platzierungen in den unterschiedlichsten Kategorien.Bei den 7,5 Kilometern erlief sich Katja [&hellip;]<\/p>\n","protected":false},"author":1,"featured_media":0,"comment_status":"open","ping_status":"open","sticky":false,"template":"","format":"standard","meta":[],"categories":[8],"tags":[],"_links":{"self":[{"href":"https:\/\/triathlon-werdau.de\/index.php?rest_route=\/wp\/v2\/posts\/225"}],"collection":[{"href":"https:\/\/triathlon-werdau.de\/index.php?rest_route=\/wp\/v2\/posts"}],"about":[{"href":"https:\/\/triathlon-werdau.de\/index.php?rest_route=\/wp\/v2\/types\/post"}],"author":[{"embeddable":true,"href":"https:\/\/triathlon-werdau.de\/index.php?rest_route=\/wp\/v2\/users\/1"}],"replies":[{"embeddable":true,"href":"https:\/\/triathlon-werdau.de\/index.php?rest_route=%2Fwp%2Fv2%2Fcomments&post=225"}],"version-history":[{"count":1,"href":"https:\/\/triathlon-werdau.de\/index.php?rest_route=\/wp\/v2\/posts\/225\/revisions"}],"predecessor-version":[{"id":227,"href":"https:\/\/triathlon-werdau.de\/index.php?rest_route=\/wp\/v2\/posts\/225\/revisions\/227"}],"wp:attachment":[{"href":"https:\/\/triathlon-werdau.de\/index.php?rest_route=%2Fwp%2Fv2%2Fmedia&parent=225"}],"wp:term":[{"taxonomy":"category","embeddable":true,"href":"https:\/\/triathlon-werdau.de\/index.php?rest_route=%2Fwp%2Fv2%2Fcategories&post=225"},{"taxonomy":"post_tag","embeddable":true,"href":"https:\/\/triathlon-werdau.de\/index.php?rest_route=%2Fwp%2Fv2%2Ftags&post=225"}],"curies":[{"name":"wp","href":"https:\/\/api.w.org\/{rel}","templated":true}]}}