{"id":264,"date":"2025-10-21T05:04:40","date_gmt":"2025-10-21T05:04:40","guid":{"rendered":"https:\/\/triathlon-werdau.de\/?p=264"},"modified":"2025-10-21T05:04:40","modified_gmt":"2025-10-21T05:04:40","slug":"frank-schuster-bei-der-challenge-family-auf-mallorca","status":"publish","type":"post","link":"https:\/\/triathlon-werdau.de\/?p=264","title":{"rendered":"Frank Schuster bei der Challenge Family auf Mallorca"},"content":{"rendered":"\n<p>Mit dem 11. Triathlon geht die Triathlonsaison fuer Frank Schuster vom Triteam Sachsen 90 Werdau am 18.10.2025 langsam zu Ende.<br>Alles begann am 12.01.2025 in Pucon\/Chile mit einem Ironman 70.3. Gefolgt vom Ironman 70.3 in J\u00f6nk\u00f6ping\/Schweden und schlie\u00dflich die 3. Mitteldistanz<br>mit der Challenge Family auf Mallorca am 12.10.2025. Zwischendurch fanden noch kleinere Wettk\u00e4mpfe statt.<br>Doch der H\u00f6hepunkt war letztes Wochenende auf der Insel mit 1,9km im sch\u00f6nem Mittelmeer, dann eine 45km Runde in den Bergen von Mallorca, die zweimal absolviert werden musste.<br>Der anschlie\u00dfende Halbmarathon war der sch\u00f6nste Teil des Triathlons fuer den 62-j\u00e4hrigen Frank Schuster aus Leubnitz.<br>Bei 27\u00b0 Grad im Schatten, toller Kulisse in Paguera war es wichtig auf die Ern\u00e4hrung w\u00e4hrend des 6-st\u00fcndigen Wettkampfes zu achten.<br>Ingesamt war es nun schon der 83. Triathlon f\u00fcr Frank und er wird nicht m\u00fcde.<br>Damit blickt Frank auf nun mehr 30-Jahre Triathlon zur\u00fcck. Der erste fand am 11.06.1995 in Apolda statt.<\/p>\n\n\n\n<figure class=\"wp-block-image size-large\"><img decoding=\"async\" loading=\"lazy\" width=\"768\" height=\"1024\" src=\"https:\/\/triathlon-werdau.de\/wp-content\/uploads\/2025\/10\/IMG-20251019-WA00011-768x1024.jpg\" alt=\"\" class=\"wp-image-265\" srcset=\"https:\/\/triathlon-werdau.de\/wp-content\/uploads\/2025\/10\/IMG-20251019-WA00011-768x1024.jpg 768w, https:\/\/triathlon-werdau.de\/wp-content\/uploads\/2025\/10\/IMG-20251019-WA00011-225x300.jpg 225w, https:\/\/triathlon-werdau.de\/wp-content\/uploads\/2025\/10\/IMG-20251019-WA00011-1152x1536.jpg 1152w, https:\/\/triathlon-werdau.de\/wp-content\/uploads\/2025\/10\/IMG-20251019-WA00011.jpg 1200w\" sizes=\"(max-width: 768px) 100vw, 768px\" \/><\/figure>\n\n\n\n<figure class=\"wp-block-image size-large\"><img decoding=\"async\" loading=\"lazy\" width=\"768\" height=\"1024\" src=\"https:\/\/triathlon-werdau.de\/wp-content\/uploads\/2025\/10\/IMG-20251019-WA00001-768x1024.jpg\" alt=\"\" class=\"wp-image-266\" srcset=\"https:\/\/triathlon-werdau.de\/wp-content\/uploads\/2025\/10\/IMG-20251019-WA00001-768x1024.jpg 768w, https:\/\/triathlon-werdau.de\/wp-content\/uploads\/2025\/10\/IMG-20251019-WA00001-225x300.jpg 225w, https:\/\/triathlon-werdau.de\/wp-content\/uploads\/2025\/10\/IMG-20251019-WA00001-1152x1536.jpg 1152w, https:\/\/triathlon-werdau.de\/wp-content\/uploads\/2025\/10\/IMG-20251019-WA00001.jpg 1200w\" sizes=\"(max-width: 768px) 100vw, 768px\" \/><\/figure>\n","protected":false},"excerpt":{"rendered":"<p>Mit dem 11. Triathlon geht die Triathlonsaison fuer Frank Schuster vom Triteam Sachsen 90 Werdau am 18.10.2025 langsam zu Ende.Alles begann am 12.01.2025 in Pucon\/Chile mit einem Ironman 70.3. Gefolgt [&hellip;]<\/p>\n","protected":false},"author":1,"featured_media":0,"comment_status":"open","ping_status":"open","sticky":false,"template":"","format":"standard","meta":[],"categories":[8],"tags":[],"_links":{"self":[{"href":"https:\/\/triathlon-werdau.de\/index.php?rest_route=\/wp\/v2\/posts\/264"}],"collection":[{"href":"https:\/\/triathlon-werdau.de\/index.php?rest_route=\/wp\/v2\/posts"}],"about":[{"href":"https:\/\/triathlon-werdau.de\/index.php?rest_route=\/wp\/v2\/types\/post"}],"author":[{"embeddable":true,"href":"https:\/\/triathlon-werdau.de\/index.php?rest_route=\/wp\/v2\/users\/1"}],"replies":[{"embeddable":true,"href":"https:\/\/triathlon-werdau.de\/index.php?rest_route=%2Fwp%2Fv2%2Fcomments&post=264"}],"version-history":[{"count":1,"href":"https:\/\/triathlon-werdau.de\/index.php?rest_route=\/wp\/v2\/posts\/264\/revisions"}],"predecessor-version":[{"id":267,"href":"https:\/\/triathlon-werdau.de\/index.php?rest_route=\/wp\/v2\/posts\/264\/revisions\/267"}],"wp:attachment":[{"href":"https:\/\/triathlon-werdau.de\/index.php?rest_route=%2Fwp%2Fv2%2Fmedia&parent=264"}],"wp:term":[{"taxonomy":"category","embeddable":true,"href":"https:\/\/triathlon-werdau.de\/index.php?rest_route=%2Fwp%2Fv2%2Fcategories&post=264"},{"taxonomy":"post_tag","embeddable":true,"href":"https:\/\/triathlon-werdau.de\/index.php?rest_route=%2Fwp%2Fv2%2Ftags&post=264"}],"curies":[{"name":"wp","href":"https:\/\/api.w.org\/{rel}","templated":true}]}}